{"id":1857,"date":"2024-05-12T15:02:12","date_gmt":"2024-05-12T15:02:12","guid":{"rendered":"https:\/\/shiler.info\/ku\/?p=1857"},"modified":"2024-05-14T12:02:32","modified_gmt":"2024-05-14T12:02:32","slug":"ji-wesanen-siler-nu-derket-sivere-nisrin-farqin","status":"publish","type":"post","link":"https:\/\/shiler.info\/ku\/?p=1857","title":{"rendered":"Ji we\u015fan\u00ean \u015fil\u00ear n\u00fb derket \u015eiver\u00ea Nisr\u00een Farq\u00een"},"content":{"rendered":"\n<p>Ji we\u015fan\u00ean \u015fil\u00ear n\u00fb derket<\/p>\n\n\n\n<p>\u015eiver\u00ea<\/p>\n\n\n\n<p>Nisr\u00een Farq\u00een<\/p>\n\n\n\n<p>Buharek bi\u015fkiviye ji war\u00ea dil.<\/p>\n\n\n\n<p>Ji <a><\/a>mehan, n\u00eesan e.<\/p>\n\n\n\n<p>\u00c7i xwe\u015f nav e ew li bejna xwezay\u00ea.<\/p>\n\n\n\n<p>Keskesoran kevan vedane ji t\u00eer\u00eaj\u00ean roj\u00ea \u00fb h\u00eamiya baran\u00ea.<\/p>\n\n\n\n<p>R\u00eawiy\u00ean ku dilsoz\u00ean n\u00eesan\u00ea ne disa gav bi gav dip\u00eevin \u015fiveriyan.<\/p>\n\n\n\n<p>Ev \u015fiver\u00ea, reh\u00ean \u00e7iya ne ku ava jiyan\u00ea diger\u00eenin di bedena w\u00ea de.<\/p>\n\n\n\n<figure class=\"wp-block-image size-full\"><img loading=\"lazy\" decoding=\"async\" width=\"820\" height=\"540\" src=\"https:\/\/shiler.info\/ku\/wp-content\/uploads\/2024\/05\/441202651_934304962038606_7477399522972576261_n.jpg\" alt=\"\" class=\"wp-image-1858\" srcset=\"https:\/\/shiler.info\/ku\/wp-content\/uploads\/2024\/05\/441202651_934304962038606_7477399522972576261_n.jpg 820w, https:\/\/shiler.info\/ku\/wp-content\/uploads\/2024\/05\/441202651_934304962038606_7477399522972576261_n-300x198.jpg 300w, https:\/\/shiler.info\/ku\/wp-content\/uploads\/2024\/05\/441202651_934304962038606_7477399522972576261_n-768x506.jpg 768w\" sizes=\"auto, (max-width: 820px) 100vw, 820px\" \/><\/figure>\n","protected":false},"excerpt":{"rendered":"<p>Ji we\u015fan\u00ean \u015fil\u00ear n\u00fb derket \u015eiver\u00ea Nisr\u00een Farq\u00een Buharek bi\u015fkiviye ji war\u00ea dil. Ji mehan, n\u00eesan e. \u00c7i xwe\u015f nav e ew li bejna xwezay\u00ea. Keskesoran kevan vedane ji t\u00eer\u00eaj\u00ean roj\u00ea \u00fb h\u00eamiya baran\u00ea. R\u00eawiy\u00ean ku dilsoz\u00ean n\u00eesan\u00ea ne disa gav bi gav dip\u00eevin \u015fiveriyan. Ev \u015fiver\u00ea, reh\u00ean \u00e7iya ne ku ava jiyan\u00ea diger\u00eenin di [&hellip;]<\/p>\n","protected":false},"author":2,"featured_media":1858,"comment_status":"open","ping_status":"open","sticky":false,"template":"","format":"standard","meta":{"footnotes":""},"categories":[124],"tags":[],"class_list":["post-1857","post","type-post","status-publish","format-standard","has-post-thumbnail","hentry","category-activeties"],"_links":{"self":[{"href":"https:\/\/shiler.info\/ku\/index.php?rest_route=\/wp\/v2\/posts\/1857","targetHints":{"allow":["GET"]}}],"collection":[{"href":"https:\/\/shiler.info\/ku\/index.php?rest_route=\/wp\/v2\/posts"}],"about":[{"href":"https:\/\/shiler.info\/ku\/index.php?rest_route=\/wp\/v2\/types\/post"}],"author":[{"embeddable":true,"href":"https:\/\/shiler.info\/ku\/index.php?rest_route=\/wp\/v2\/users\/2"}],"replies":[{"embeddable":true,"href":"https:\/\/shiler.info\/ku\/index.php?rest_route=%2Fwp%2Fv2%2Fcomments&post=1857"}],"version-history":[{"count":1,"href":"https:\/\/shiler.info\/ku\/index.php?rest_route=\/wp\/v2\/posts\/1857\/revisions"}],"predecessor-version":[{"id":1859,"href":"https:\/\/shiler.info\/ku\/index.php?rest_route=\/wp\/v2\/posts\/1857\/revisions\/1859"}],"wp:featuredmedia":[{"embeddable":true,"href":"https:\/\/shiler.info\/ku\/index.php?rest_route=\/wp\/v2\/media\/1858"}],"wp:attachment":[{"href":"https:\/\/shiler.info\/ku\/index.php?rest_route=%2Fwp%2Fv2%2Fmedia&parent=1857"}],"wp:term":[{"taxonomy":"category","embeddable":true,"href":"https:\/\/shiler.info\/ku\/index.php?rest_route=%2Fwp%2Fv2%2Fcategories&post=1857"},{"taxonomy":"post_tag","embeddable":true,"href":"https:\/\/shiler.info\/ku\/index.php?rest_route=%2Fwp%2Fv2%2Ftags&post=1857"}],"curies":[{"name":"wp","href":"https:\/\/api.w.org\/{rel}","templated":true}]}}