{"id":1854,"date":"2024-05-12T11:58:00","date_gmt":"2024-05-12T11:58:00","guid":{"rendered":"https:\/\/shiler.info\/ku\/?p=1854"},"modified":"2024-05-14T12:00:01","modified_gmt":"2024-05-14T12:00:01","slug":"ji-wesanen-siler-nu-derket-ceme-stranan-bermal-cem","status":"publish","type":"post","link":"https:\/\/shiler.info\/ku\/?p=1854","title":{"rendered":"Ji we\u015fan\u00ean \u015eil\u00ear n\u00fb derket \u00c7em\u00ea Stranan Bermal \u00c7em"},"content":{"rendered":"\n<p>Ji we\u015fan\u00ean \u015eil\u00ear n\u00fb derket<\/p>\n\n\n\n<p>\u00c7em\u00ea Stranan<\/p>\n\n\n\n<p>Bermal \u00c7em<\/p>\n\n\n\n<p>Stran heb\u00fbneke nemir e, xwe hildigire hem\u00fb zemanan. Stran\u00ean Bermal\u00ea j\u00ee wisa d\u00ea her b\u00ea stran. V\u00eaca ya may\u00ee em xwe berdin nava dil\u00ea van stranan. H\u00eav\u00ee ew e, ev deng \u00fb gotin her li din\u00ea bin. Em b\u00ea stran, b\u00ea Bermal\u00ea nem\u00eenin. R\u00eaya v\u00ea j\u00ee ew e, ev pirt\u00fbk bigih\u00eeje zarok \u00fb ciwan\u00ean Kurdistan\u00ea \u00fb di dil\u00ea wan de c\u00ee bigire her gotin \u00fb awaza stran\u00ean w\u00ea.<\/p>\n\n\n\n<figure class=\"wp-block-image size-full\"><img loading=\"lazy\" decoding=\"async\" width=\"842\" height=\"540\" src=\"https:\/\/shiler.info\/ku\/wp-content\/uploads\/2024\/05\/440208014_934305608705208_6242000282693621273_n.jpg\" alt=\"\" class=\"wp-image-1855\" srcset=\"https:\/\/shiler.info\/ku\/wp-content\/uploads\/2024\/05\/440208014_934305608705208_6242000282693621273_n.jpg 842w, https:\/\/shiler.info\/ku\/wp-content\/uploads\/2024\/05\/440208014_934305608705208_6242000282693621273_n-300x192.jpg 300w, https:\/\/shiler.info\/ku\/wp-content\/uploads\/2024\/05\/440208014_934305608705208_6242000282693621273_n-768x493.jpg 768w, https:\/\/shiler.info\/ku\/wp-content\/uploads\/2024\/05\/440208014_934305608705208_6242000282693621273_n-210x136.jpg 210w\" sizes=\"auto, (max-width: 842px) 100vw, 842px\" \/><\/figure>\n\n\n\n<p><\/p>\n","protected":false},"excerpt":{"rendered":"<p>Ji we\u015fan\u00ean \u015eil\u00ear n\u00fb derket \u00c7em\u00ea Stranan Bermal \u00c7em Stran heb\u00fbneke nemir e, xwe hildigire hem\u00fb zemanan. Stran\u00ean Bermal\u00ea j\u00ee wisa d\u00ea her b\u00ea stran. V\u00eaca ya may\u00ee em xwe berdin nava dil\u00ea van stranan. H\u00eav\u00ee ew e, ev deng \u00fb gotin her li din\u00ea bin. Em b\u00ea stran, b\u00ea Bermal\u00ea nem\u00eenin. R\u00eaya v\u00ea j\u00ee [&hellip;]<\/p>\n","protected":false},"author":2,"featured_media":1855,"comment_status":"open","ping_status":"open","sticky":false,"template":"","format":"standard","meta":{"footnotes":""},"categories":[124],"tags":[],"class_list":["post-1854","post","type-post","status-publish","format-standard","has-post-thumbnail","hentry","category-activeties"],"_links":{"self":[{"href":"https:\/\/shiler.info\/ku\/index.php?rest_route=\/wp\/v2\/posts\/1854","targetHints":{"allow":["GET"]}}],"collection":[{"href":"https:\/\/shiler.info\/ku\/index.php?rest_route=\/wp\/v2\/posts"}],"about":[{"href":"https:\/\/shiler.info\/ku\/index.php?rest_route=\/wp\/v2\/types\/post"}],"author":[{"embeddable":true,"href":"https:\/\/shiler.info\/ku\/index.php?rest_route=\/wp\/v2\/users\/2"}],"replies":[{"embeddable":true,"href":"https:\/\/shiler.info\/ku\/index.php?rest_route=%2Fwp%2Fv2%2Fcomments&post=1854"}],"version-history":[{"count":1,"href":"https:\/\/shiler.info\/ku\/index.php?rest_route=\/wp\/v2\/posts\/1854\/revisions"}],"predecessor-version":[{"id":1856,"href":"https:\/\/shiler.info\/ku\/index.php?rest_route=\/wp\/v2\/posts\/1854\/revisions\/1856"}],"wp:featuredmedia":[{"embeddable":true,"href":"https:\/\/shiler.info\/ku\/index.php?rest_route=\/wp\/v2\/media\/1855"}],"wp:attachment":[{"href":"https:\/\/shiler.info\/ku\/index.php?rest_route=%2Fwp%2Fv2%2Fmedia&parent=1854"}],"wp:term":[{"taxonomy":"category","embeddable":true,"href":"https:\/\/shiler.info\/ku\/index.php?rest_route=%2Fwp%2Fv2%2Fcategories&post=1854"},{"taxonomy":"post_tag","embeddable":true,"href":"https:\/\/shiler.info\/ku\/index.php?rest_route=%2Fwp%2Fv2%2Ftags&post=1854"}],"curies":[{"name":"wp","href":"https:\/\/api.w.org\/{rel}","templated":true}]}}