{"id":1850,"date":"2024-05-14T11:56:11","date_gmt":"2024-05-14T11:56:11","guid":{"rendered":"https:\/\/shiler.info\/ku\/?p=1850"},"modified":"2024-05-14T11:56:12","modified_gmt":"2024-05-14T11:56:12","slug":"jina-girti-melika-ofqir-michele-fitoussi","status":"publish","type":"post","link":"https:\/\/shiler.info\/ku\/?p=1850","title":{"rendered":"Jina Girt\u00ee Mel\u00eeka Ofq\u00eer Michele Fitoussi\u00a0\u00a0\u00a0\u00a0\u00a0\u00a0\u00a0\u00a0"},"content":{"rendered":"\n<p><strong>Jina Girt\u00ee<\/strong><strong><\/strong><\/p>\n\n\n\n<p><strong>Mel\u00eeka Ofq\u00eer&nbsp;&nbsp;&nbsp;&nbsp;&nbsp;&nbsp;&nbsp;&nbsp;&nbsp;&nbsp;&nbsp;&nbsp;<\/strong><\/p>\n\n\n\n<p><strong>Michele Fitoussi<\/strong><\/p>\n\n\n\n<p><strong>Wergera ji erebiy\u00ea: Kawa Xelef<\/strong><\/p>\n\n\n\n<p><strong>Ed\u00eetor\u00ee: Aram Hesen<\/strong><\/p>\n\n\n\n<p><strong>Ev pirt<\/strong><strong>\u00fbk ji xebata navenda mezopotamiya ya werger\u00ea hatiye wergerandin.<\/strong><\/p>\n\n\n\n<p><strong>Di demeke n\u00eaz de ji we\u015fan\u00ean \u015eil\u00ear derdikeve<\/strong><\/p>\n\n\n\n<p>Romana Jina Girt\u00ee, sala 1999an, ji h\u00eala lehenga roman\u00ea Mel\u00eeka Ofq\u00eer \u00fb niv\u00eeskara T\u00fbnis\u00ee Michele Fitoussi ve bi ziman\u00ea frans\u00ee hatiye niv\u00ees\u00een \u00fb pi\u015ftre ji bo gelek zimanan hatiye wergerandin ku yek j\u00ea ereb\u00ee ye. Jina Girt\u00ee romaneke rastb\u00een \u00fb rasteq\u00een e \u00fb dikeve r\u00eaza w\u00eajeya zindanan. T\u00ea de jiyana Mel\u00eekay\u00ea ya li ko\u015fk\u00ean Mihemed\u00ea P\u00eancem \u00fb pi\u015ftre El-Hesen\u00ea duyem, pa\u015f\u00ea j\u00ee jiyana w\u00ea \u00fb malbata w\u00ea ya di zindan\u00ean mexrib\u00ee de t\u00ea vegotin, pi\u015ft\u00ee ku bav\u00ea w\u00ea Mihemed Ofq\u00eer derbeyeke le\u015fker\u00ee li dij \u015fah p\u00eak t\u00eene. Malbata Ofq\u00eer b\u00eest salan di zindan\u00ean mexrib\u00ee de dim\u00eene \u00fb bi fermana \u015fah\u00ea Mexrib\u00ea El-Hesen\u00ea Duyem, kur\u00ea Mihemed\u00ea P\u00eancem, rast\u00ee r\u00eazer\u00eakar\u00ean her\u00ee tund \u00fb as\u00ea t\u00ean. Bir\u00e7\u00eeb\u00fbn, t\u00eeb\u00fbn, hal \u00fb nexwe\u015f\u00ee, gemar \u00fb qir\u00eaj\u00ee \u00fb her ti\u015ft\u00ean bed \u00fb kir\u00eat di wan zindanan de t\u00ean ser\u00ea wan. Mel\u00eeka Ofq\u00eer di vegotina \u00e7\u00eeroka xwe de dib\u00eaje ku du caran s\u00eaw\u00ee b\u00fbye: Carek\u00ea dema ku bav\u00ea w\u00ea hat ku\u015ftin \u00fb carek\u00ea j\u00ee dema ku bav\u00ea w\u00ea y\u00ea lixwegir b\u00fb tajanbaz\u00ea w\u00ea \u00fb b\u00eest sal ji jiyana w\u00ea \u00fb malbata w\u00ea di hundir\u00ea zindan\u00ean li biyabana Mexrib\u00ea de li ber b\u00ea \u015fewitandin. Div\u00ea em bi b\u00eer bixin ku ev roman \u015fewq\u00ea diav\u00eaje ser jiyana gelek mirov\u00ean m\u00eena Mek\u00eekay\u00ea ku li v\u00ea c\u00eehan\u00ea \u00e7end\u00een rast\u00ee zilm \u00fb tepeserkirina pergal\u00ean serdest t\u00ean.<\/p>\n\n\n\n<figure class=\"wp-block-image size-full\"><img loading=\"lazy\" decoding=\"async\" width=\"850\" height=\"581\" src=\"https:\/\/shiler.info\/ku\/wp-content\/uploads\/2024\/05\/WhatsApp-Image-2024-05-14-at-11.52.40_51092561.jpg\" alt=\"\" class=\"wp-image-1851\" srcset=\"https:\/\/shiler.info\/ku\/wp-content\/uploads\/2024\/05\/WhatsApp-Image-2024-05-14-at-11.52.40_51092561.jpg 850w, https:\/\/shiler.info\/ku\/wp-content\/uploads\/2024\/05\/WhatsApp-Image-2024-05-14-at-11.52.40_51092561-300x205.jpg 300w, https:\/\/shiler.info\/ku\/wp-content\/uploads\/2024\/05\/WhatsApp-Image-2024-05-14-at-11.52.40_51092561-768x525.jpg 768w\" sizes=\"auto, (max-width: 850px) 100vw, 850px\" \/><\/figure>\n\n\n\n<p><\/p>\n","protected":false},"excerpt":{"rendered":"<p>Jina Girt\u00ee Mel\u00eeka Ofq\u00eer&nbsp;&nbsp;&nbsp;&nbsp;&nbsp;&nbsp;&nbsp;&nbsp;&nbsp;&nbsp;&nbsp;&nbsp; Michele Fitoussi Wergera ji erebiy\u00ea: Kawa Xelef Ed\u00eetor\u00ee: Aram Hesen Ev pirt\u00fbk ji xebata navenda mezopotamiya ya werger\u00ea hatiye wergerandin. Di demeke n\u00eaz de ji we\u015fan\u00ean \u015eil\u00ear derdikeve Romana Jina Girt\u00ee, sala 1999an, ji h\u00eala lehenga roman\u00ea Mel\u00eeka Ofq\u00eer \u00fb niv\u00eeskara T\u00fbnis\u00ee Michele Fitoussi ve bi ziman\u00ea frans\u00ee hatiye niv\u00ees\u00een \u00fb [&hellip;]<\/p>\n","protected":false},"author":2,"featured_media":1852,"comment_status":"open","ping_status":"open","sticky":false,"template":"","format":"standard","meta":{"footnotes":""},"categories":[124],"tags":[],"class_list":["post-1850","post","type-post","status-publish","format-standard","has-post-thumbnail","hentry","category-activeties"],"_links":{"self":[{"href":"https:\/\/shiler.info\/ku\/index.php?rest_route=\/wp\/v2\/posts\/1850","targetHints":{"allow":["GET"]}}],"collection":[{"href":"https:\/\/shiler.info\/ku\/index.php?rest_route=\/wp\/v2\/posts"}],"about":[{"href":"https:\/\/shiler.info\/ku\/index.php?rest_route=\/wp\/v2\/types\/post"}],"author":[{"embeddable":true,"href":"https:\/\/shiler.info\/ku\/index.php?rest_route=\/wp\/v2\/users\/2"}],"replies":[{"embeddable":true,"href":"https:\/\/shiler.info\/ku\/index.php?rest_route=%2Fwp%2Fv2%2Fcomments&post=1850"}],"version-history":[{"count":1,"href":"https:\/\/shiler.info\/ku\/index.php?rest_route=\/wp\/v2\/posts\/1850\/revisions"}],"predecessor-version":[{"id":1853,"href":"https:\/\/shiler.info\/ku\/index.php?rest_route=\/wp\/v2\/posts\/1850\/revisions\/1853"}],"wp:featuredmedia":[{"embeddable":true,"href":"https:\/\/shiler.info\/ku\/index.php?rest_route=\/wp\/v2\/media\/1852"}],"wp:attachment":[{"href":"https:\/\/shiler.info\/ku\/index.php?rest_route=%2Fwp%2Fv2%2Fmedia&parent=1850"}],"wp:term":[{"taxonomy":"category","embeddable":true,"href":"https:\/\/shiler.info\/ku\/index.php?rest_route=%2Fwp%2Fv2%2Fcategories&post=1850"},{"taxonomy":"post_tag","embeddable":true,"href":"https:\/\/shiler.info\/ku\/index.php?rest_route=%2Fwp%2Fv2%2Ftags&post=1850"}],"curies":[{"name":"wp","href":"https:\/\/api.w.org\/{rel}","templated":true}]}}