{"id":1841,"date":"2023-03-07T19:07:04","date_gmt":"2023-03-07T19:07:04","guid":{"rendered":"https:\/\/shiler.info\/ku\/?p=1841"},"modified":"2023-03-07T19:07:05","modified_gmt":"2023-03-07T19:07:05","slug":"rojava-sores-ser-u-siberoja-kurden-suriyaye","status":"publish","type":"post","link":"https:\/\/shiler.info\/ku\/?p=1841","title":{"rendered":"Rojava \u015eore\u015f, \u015fer \u00fb siberoja kurd\u00ean S\u00fbr\u00eeyay\u00ea"},"content":{"rendered":"\n<p>Rojava<br>\u015eore\u015f, \u015fer \u00fb siberoja kurd\u00ean S\u00fbr\u00eeyay\u00ea<br>Thomas Schmidinger<br>Wergera ji ziman\u00ea \u00eengil\u00eez\u00ee: Ed\u00eeb Xalid<br>W\u00eaney\u00ea berg\u00ea: Rod\u00ee Tehlo<br>Di demeka n\u00eaz da ji nav we\u015fanxaneya \u015eil\u00ear\u00ea derdikeve<br>Xebata werger\u00ea bi serperi\u015ft\u00ee \u00fb bir\u00eaveber\u00eeya We\u015fan\u00ean NEQ\u015e\u00ea hatiye kirin<\/p>\n\n\n\n<p>\u201cher\u00eam\u00ean xweser \u00ean kurdan \u00ean li Iraq \u00fb S\u00fbr\u00eeyay\u00ea heta niha heb\u00fbna xwe didom\u00eenin. H\u00een j\u00ee \u015fansek\u00ea d\u00eerok\u00ee heye ku kurd\u00ean di seranser\u00ea sedsala b\u00eestan da b\u00fbn qurban\u00eey\u00ean pergala bi nav\u00ea Sykes \u00fb Picot\u00ea, di siberoj\u00ea da li Rojhilata Nav\u00een di war\u00ea xweser\u00eey\u00ea da roleka siyas\u00ee biger\u00eenin. P\u00eakan\u00een \u00fb nep\u00eakan\u00eena v\u00ea derfeta d\u00eerok\u00ee, ne ten\u00ea gir\u00eaday\u00ee pol\u00eet\u00eekay\u00ean h\u00eaz\u00ean hegemon e, di heman dem\u00ea da gir\u00eaday\u00ee aktor\u00ean kurd e j\u00ee.\u201d<\/p>\n\n\n\n<figure class=\"wp-block-gallery has-nested-images columns-default is-cropped\">\n<figure class=\"wp-block-image size-large\"><img loading=\"lazy\" decoding=\"async\" width=\"1024\" height=\"1024\" data-id=\"1842\" src=\"https:\/\/shiler.info\/ku\/wp-content\/uploads\/2023\/03\/01-1024x1024.jpg\" alt=\"\" class=\"wp-image-1842\" srcset=\"https:\/\/shiler.info\/ku\/wp-content\/uploads\/2023\/03\/01-1024x1024.jpg 1024w, https:\/\/shiler.info\/ku\/wp-content\/uploads\/2023\/03\/01-300x300.jpg 300w, https:\/\/shiler.info\/ku\/wp-content\/uploads\/2023\/03\/01-150x150.jpg 150w, https:\/\/shiler.info\/ku\/wp-content\/uploads\/2023\/03\/01-768x768.jpg 768w, https:\/\/shiler.info\/ku\/wp-content\/uploads\/2023\/03\/01-1536x1536.jpg 1536w, https:\/\/shiler.info\/ku\/wp-content\/uploads\/2023\/03\/01.jpg 2000w\" sizes=\"auto, (max-width: 1024px) 100vw, 1024px\" \/><\/figure>\n<\/figure>\n","protected":false},"excerpt":{"rendered":"<p>Rojava\u015eore\u015f, \u015fer \u00fb siberoja kurd\u00ean S\u00fbr\u00eeyay\u00eaThomas SchmidingerWergera ji ziman\u00ea \u00eengil\u00eez\u00ee: Ed\u00eeb XalidW\u00eaney\u00ea berg\u00ea: Rod\u00ee TehloDi demeka n\u00eaz da ji nav we\u015fanxaneya \u015eil\u00ear\u00ea derdikeveXebata werger\u00ea bi serperi\u015ft\u00ee \u00fb bir\u00eaveber\u00eeya We\u015fan\u00ean NEQ\u015e\u00ea hatiye kirin \u201cher\u00eam\u00ean xweser \u00ean kurdan \u00ean li Iraq \u00fb S\u00fbr\u00eeyay\u00ea heta niha heb\u00fbna xwe didom\u00eenin. H\u00een j\u00ee \u015fansek\u00ea d\u00eerok\u00ee heye ku kurd\u00ean di seranser\u00ea [&hellip;]<\/p>\n","protected":false},"author":1,"featured_media":1842,"comment_status":"open","ping_status":"open","sticky":false,"template":"","format":"standard","meta":{"footnotes":""},"categories":[124],"tags":[],"class_list":["post-1841","post","type-post","status-publish","format-standard","has-post-thumbnail","hentry","category-activeties"],"_links":{"self":[{"href":"https:\/\/shiler.info\/ku\/index.php?rest_route=\/wp\/v2\/posts\/1841","targetHints":{"allow":["GET"]}}],"collection":[{"href":"https:\/\/shiler.info\/ku\/index.php?rest_route=\/wp\/v2\/posts"}],"about":[{"href":"https:\/\/shiler.info\/ku\/index.php?rest_route=\/wp\/v2\/types\/post"}],"author":[{"embeddable":true,"href":"https:\/\/shiler.info\/ku\/index.php?rest_route=\/wp\/v2\/users\/1"}],"replies":[{"embeddable":true,"href":"https:\/\/shiler.info\/ku\/index.php?rest_route=%2Fwp%2Fv2%2Fcomments&post=1841"}],"version-history":[{"count":1,"href":"https:\/\/shiler.info\/ku\/index.php?rest_route=\/wp\/v2\/posts\/1841\/revisions"}],"predecessor-version":[{"id":1843,"href":"https:\/\/shiler.info\/ku\/index.php?rest_route=\/wp\/v2\/posts\/1841\/revisions\/1843"}],"wp:featuredmedia":[{"embeddable":true,"href":"https:\/\/shiler.info\/ku\/index.php?rest_route=\/wp\/v2\/media\/1842"}],"wp:attachment":[{"href":"https:\/\/shiler.info\/ku\/index.php?rest_route=%2Fwp%2Fv2%2Fmedia&parent=1841"}],"wp:term":[{"taxonomy":"category","embeddable":true,"href":"https:\/\/shiler.info\/ku\/index.php?rest_route=%2Fwp%2Fv2%2Fcategories&post=1841"},{"taxonomy":"post_tag","embeddable":true,"href":"https:\/\/shiler.info\/ku\/index.php?rest_route=%2Fwp%2Fv2%2Ftags&post=1841"}],"curies":[{"name":"wp","href":"https:\/\/api.w.org\/{rel}","templated":true}]}}