{"id":1824,"date":"2022-12-03T09:43:57","date_gmt":"2022-12-03T09:43:57","guid":{"rendered":"https:\/\/shiler.info\/ku\/?p=1824"},"modified":"2022-12-03T09:43:57","modified_gmt":"2022-12-03T09:43:57","slug":"dagirkirina-taritiye","status":"publish","type":"post","link":"https:\/\/shiler.info\/ku\/?p=1824","title":{"rendered":"Dagirkirina Tar\u00eet\u00eey\u00ea"},"content":{"rendered":"\n<p>Dagirkirina tar\u00eet\u00eey\u00ea<br>Bextyar El\u00ee<br>Bo kurmanc\u00eey\u00ea: Besam Mistefa<br>Di demeka n\u00eaz da ji we\u015fan\u00ean NEQ\u015e\u00ea \u00fb we\u015fanxaneya \u015eil\u00ear\u00ea derdikeve.<br>Belavker\u00ea sereke y\u00ea v\u00ea roman\u00ea dezgeha Pirt\u00fbka\u00a0Kurd\u00ee\u00a0ye.<\/p>\n\n\n\n<p><\/p>\n\n\n\n<figure class=\"wp-block-gallery has-nested-images columns-default is-cropped\">\n<figure class=\"wp-block-image size-large\"><img loading=\"lazy\" decoding=\"async\" width=\"568\" height=\"802\" data-id=\"1825\" src=\"https:\/\/shiler.info\/ku\/wp-content\/uploads\/2022\/12\/Dagirkirina-Taritiye-Pesh.jpg\" alt=\"\" class=\"wp-image-1825\" srcset=\"https:\/\/shiler.info\/ku\/wp-content\/uploads\/2022\/12\/Dagirkirina-Taritiye-Pesh.jpg 568w, https:\/\/shiler.info\/ku\/wp-content\/uploads\/2022\/12\/Dagirkirina-Taritiye-Pesh-212x300.jpg 212w\" sizes=\"auto, (max-width: 568px) 100vw, 568px\" \/><\/figure>\n\n\n\n<figure class=\"wp-block-image size-large\"><img loading=\"lazy\" decoding=\"async\" width=\"1024\" height=\"1024\" data-id=\"1826\" src=\"https:\/\/shiler.info\/ku\/wp-content\/uploads\/2022\/12\/Reklam-1024x1024.jpg\" alt=\"\" class=\"wp-image-1826\" srcset=\"https:\/\/shiler.info\/ku\/wp-content\/uploads\/2022\/12\/Reklam-1024x1024.jpg 1024w, https:\/\/shiler.info\/ku\/wp-content\/uploads\/2022\/12\/Reklam-300x300.jpg 300w, https:\/\/shiler.info\/ku\/wp-content\/uploads\/2022\/12\/Reklam-150x150.jpg 150w, https:\/\/shiler.info\/ku\/wp-content\/uploads\/2022\/12\/Reklam-768x768.jpg 768w, https:\/\/shiler.info\/ku\/wp-content\/uploads\/2022\/12\/Reklam.jpg 1296w\" sizes=\"auto, (max-width: 1024px) 100vw, 1024px\" \/><\/figure>\n<\/figure>\n","protected":false},"excerpt":{"rendered":"<p>Dagirkirina tar\u00eet\u00eey\u00eaBextyar El\u00eeBo kurmanc\u00eey\u00ea: Besam MistefaDi demeka n\u00eaz da ji we\u015fan\u00ean NEQ\u015e\u00ea \u00fb we\u015fanxaneya \u015eil\u00ear\u00ea derdikeve.Belavker\u00ea sereke y\u00ea v\u00ea roman\u00ea dezgeha Pirt\u00fbka\u00a0Kurd\u00ee\u00a0ye.<\/p>\n","protected":false},"author":1,"featured_media":1826,"comment_status":"open","ping_status":"open","sticky":false,"template":"","format":"standard","meta":{"footnotes":""},"categories":[124],"tags":[],"class_list":["post-1824","post","type-post","status-publish","format-standard","has-post-thumbnail","hentry","category-activeties"],"_links":{"self":[{"href":"https:\/\/shiler.info\/ku\/index.php?rest_route=\/wp\/v2\/posts\/1824","targetHints":{"allow":["GET"]}}],"collection":[{"href":"https:\/\/shiler.info\/ku\/index.php?rest_route=\/wp\/v2\/posts"}],"about":[{"href":"https:\/\/shiler.info\/ku\/index.php?rest_route=\/wp\/v2\/types\/post"}],"author":[{"embeddable":true,"href":"https:\/\/shiler.info\/ku\/index.php?rest_route=\/wp\/v2\/users\/1"}],"replies":[{"embeddable":true,"href":"https:\/\/shiler.info\/ku\/index.php?rest_route=%2Fwp%2Fv2%2Fcomments&post=1824"}],"version-history":[{"count":1,"href":"https:\/\/shiler.info\/ku\/index.php?rest_route=\/wp\/v2\/posts\/1824\/revisions"}],"predecessor-version":[{"id":1827,"href":"https:\/\/shiler.info\/ku\/index.php?rest_route=\/wp\/v2\/posts\/1824\/revisions\/1827"}],"wp:featuredmedia":[{"embeddable":true,"href":"https:\/\/shiler.info\/ku\/index.php?rest_route=\/wp\/v2\/media\/1826"}],"wp:attachment":[{"href":"https:\/\/shiler.info\/ku\/index.php?rest_route=%2Fwp%2Fv2%2Fmedia&parent=1824"}],"wp:term":[{"taxonomy":"category","embeddable":true,"href":"https:\/\/shiler.info\/ku\/index.php?rest_route=%2Fwp%2Fv2%2Fcategories&post=1824"},{"taxonomy":"post_tag","embeddable":true,"href":"https:\/\/shiler.info\/ku\/index.php?rest_route=%2Fwp%2Fv2%2Ftags&post=1824"}],"curies":[{"name":"wp","href":"https:\/\/api.w.org\/{rel}","templated":true}]}}