{"id":1820,"date":"2022-12-03T09:23:02","date_gmt":"2022-12-03T09:23:02","guid":{"rendered":"https:\/\/shiler.info\/ku\/?p=1820"},"modified":"2022-12-03T09:23:02","modified_gmt":"2022-12-03T09:23:02","slug":"kilideka-picuk-dikare-deriyeke-mezin-veke","status":"publish","type":"post","link":"https:\/\/shiler.info\/ku\/?p=1820","title":{"rendered":"Kil\u00eedeka Pi\u00e7\u00fbk Dikare Der\u00eeyek\u00ea Mezin Veke"},"content":{"rendered":"\n<p>Kil\u00eedeka pi\u00e7\u00fbk dikare der\u00eeyek\u00ea mezin veke<br>\u015eore\u015fa Rojavay\u00ea<br>Ji \u00eengil\u00eez\u00eey\u00ea: Zozan Birko<br>W\u00eaney\u00ea berg\u00ea: Rod\u00ee Tehlo<br>D\u00eezayna berg\u00ea: Serwer Mirad<br>Di demeka n\u00eaz da ji we\u015fan\u00ean NEQ\u015e\u00ea \u00fb we\u015fanxaneya \u015eil\u00ear\u00ea derdikeve.<\/p>\n\n\n\n<p>\u201cTirk\u00eeya pi\u015ftgir\u00ee daye dag\u00eerker \u00fb kujer\u00ean tundrew, tev\u00ee v\u00ea j\u00ee dewlet w\u00ea raz\u00ee dikin \u00fb li ber w\u00ea digerin. Gelo em d\u00ea biserkeftina Koban\u00eey\u00ea li van dewletan p\u00eeroz bikin?<br>Div\u00ea b\u00ea zan\u00een ku \u015fore\u015fa Rojavay\u00ea ji destp\u00eak\u00ea heya \u00eeroj t\u00eako\u015f\u00eena gelan e. Berevaj\u00ee ser\u00eehildan\u00ean din \u00ean van dem\u00ean daw\u00ee, pir ba\u015f b\u00fb ku ew ji ber \u015fert \u00fb merc\u00ean jiyosiyas\u00ee ji al\u00eey\u00ea tu kes\u00ee ve nehatib\u00fb girtin \u00fb kar\u00ee bi h\u00eaza xwe li hember hem\u00fb asteng\u00eeyan li ber xwe bide. Helwesta w\u00earek a Koban\u00eey\u00ea ya li hember zilam\u00ean ku dixwazin reng\u00ean re\u015f bi ser xak\u00ean Rojhilata Nav\u00een da berdin, li nava hem\u00fb gel\u00ean t\u00eako\u015fer \u00ean c\u00eehan\u00ea deng veda. Ji ber ku her kes dixwaze pehra wan ji v\u00ea biserkeftin\u00ea hebe, gelek kes pesn\u00ea Koban\u00eey\u00ea didin \u00fb hinek j\u00ee m\u00eena rastgir \u00fb \u00eeslamofob\u00eeyan niha w\u00ea wek\u00ee am\u00fbr bi kar t\u00eenin. L\u00ea heman h\u00eaz\u00ean ku niha Koban\u00eey\u00ea ji bo berjewend\u00eey\u00ean xwe di\u015fop\u00eenin, siyaseta van \u015fervan\u00ean w\u00earek wek\u00ee kiryar\u00ean teror\u00eestane bi nav\u00a0dikin.\u201d<br>#Rojava<\/p>\n\n\n\n<h1 class=\"wp-block-heading\"><\/h1>\n\n\n\n<figure class=\"wp-block-gallery has-nested-images columns-default is-cropped\">\n<figure class=\"wp-block-image size-large\"><img loading=\"lazy\" decoding=\"async\" width=\"1024\" height=\"1024\" data-id=\"1821\" src=\"https:\/\/shiler.info\/ku\/wp-content\/uploads\/2022\/12\/Reklam-Rojava-copy-1024x1024.jpg\" alt=\"\" class=\"wp-image-1821\" srcset=\"https:\/\/shiler.info\/ku\/wp-content\/uploads\/2022\/12\/Reklam-Rojava-copy-1024x1024.jpg 1024w, https:\/\/shiler.info\/ku\/wp-content\/uploads\/2022\/12\/Reklam-Rojava-copy-300x300.jpg 300w, https:\/\/shiler.info\/ku\/wp-content\/uploads\/2022\/12\/Reklam-Rojava-copy-150x150.jpg 150w, https:\/\/shiler.info\/ku\/wp-content\/uploads\/2022\/12\/Reklam-Rojava-copy-768x768.jpg 768w, https:\/\/shiler.info\/ku\/wp-content\/uploads\/2022\/12\/Reklam-Rojava-copy.jpg 1260w\" sizes=\"auto, (max-width: 1024px) 100vw, 1024px\" \/><\/figure>\n\n\n\n<figure class=\"wp-block-image size-large\"><img loading=\"lazy\" decoding=\"async\" width=\"658\" height=\"1024\" data-id=\"1822\" src=\"https:\/\/shiler.info\/ku\/wp-content\/uploads\/2022\/12\/Rojava-1-copy-658x1024.jpg\" alt=\"\" class=\"wp-image-1822\" srcset=\"https:\/\/shiler.info\/ku\/wp-content\/uploads\/2022\/12\/Rojava-1-copy-658x1024.jpg 658w, https:\/\/shiler.info\/ku\/wp-content\/uploads\/2022\/12\/Rojava-1-copy-193x300.jpg 193w, https:\/\/shiler.info\/ku\/wp-content\/uploads\/2022\/12\/Rojava-1-copy-768x1195.jpg 768w, https:\/\/shiler.info\/ku\/wp-content\/uploads\/2022\/12\/Rojava-1-copy.jpg 956w\" sizes=\"auto, (max-width: 658px) 100vw, 658px\" \/><\/figure>\n<\/figure>\n","protected":false},"excerpt":{"rendered":"<p>Kil\u00eedeka pi\u00e7\u00fbk dikare der\u00eeyek\u00ea mezin veke\u015eore\u015fa Rojavay\u00eaJi \u00eengil\u00eez\u00eey\u00ea: Zozan BirkoW\u00eaney\u00ea berg\u00ea: Rod\u00ee TehloD\u00eezayna berg\u00ea: Serwer MiradDi demeka n\u00eaz da ji we\u015fan\u00ean NEQ\u015e\u00ea \u00fb we\u015fanxaneya \u015eil\u00ear\u00ea derdikeve. \u201cTirk\u00eeya pi\u015ftgir\u00ee daye dag\u00eerker \u00fb kujer\u00ean tundrew, tev\u00ee v\u00ea j\u00ee dewlet w\u00ea raz\u00ee dikin \u00fb li ber w\u00ea digerin. Gelo em d\u00ea biserkeftina Koban\u00eey\u00ea li van dewletan p\u00eeroz bikin?Div\u00ea [&hellip;]<\/p>\n","protected":false},"author":1,"featured_media":1821,"comment_status":"open","ping_status":"open","sticky":false,"template":"","format":"standard","meta":{"footnotes":""},"categories":[124],"tags":[],"class_list":["post-1820","post","type-post","status-publish","format-standard","has-post-thumbnail","hentry","category-activeties"],"_links":{"self":[{"href":"https:\/\/shiler.info\/ku\/index.php?rest_route=\/wp\/v2\/posts\/1820","targetHints":{"allow":["GET"]}}],"collection":[{"href":"https:\/\/shiler.info\/ku\/index.php?rest_route=\/wp\/v2\/posts"}],"about":[{"href":"https:\/\/shiler.info\/ku\/index.php?rest_route=\/wp\/v2\/types\/post"}],"author":[{"embeddable":true,"href":"https:\/\/shiler.info\/ku\/index.php?rest_route=\/wp\/v2\/users\/1"}],"replies":[{"embeddable":true,"href":"https:\/\/shiler.info\/ku\/index.php?rest_route=%2Fwp%2Fv2%2Fcomments&post=1820"}],"version-history":[{"count":1,"href":"https:\/\/shiler.info\/ku\/index.php?rest_route=\/wp\/v2\/posts\/1820\/revisions"}],"predecessor-version":[{"id":1823,"href":"https:\/\/shiler.info\/ku\/index.php?rest_route=\/wp\/v2\/posts\/1820\/revisions\/1823"}],"wp:featuredmedia":[{"embeddable":true,"href":"https:\/\/shiler.info\/ku\/index.php?rest_route=\/wp\/v2\/media\/1821"}],"wp:attachment":[{"href":"https:\/\/shiler.info\/ku\/index.php?rest_route=%2Fwp%2Fv2%2Fmedia&parent=1820"}],"wp:term":[{"taxonomy":"category","embeddable":true,"href":"https:\/\/shiler.info\/ku\/index.php?rest_route=%2Fwp%2Fv2%2Fcategories&post=1820"},{"taxonomy":"post_tag","embeddable":true,"href":"https:\/\/shiler.info\/ku\/index.php?rest_route=%2Fwp%2Fv2%2Ftags&post=1820"}],"curies":[{"name":"wp","href":"https:\/\/api.w.org\/{rel}","templated":true}]}}