{"id":1777,"date":"2022-04-18T09:50:00","date_gmt":"2022-04-18T09:50:00","guid":{"rendered":"https:\/\/shiler.info\/ku\/?p=1777"},"modified":"2022-04-26T09:52:38","modified_gmt":"2022-04-26T09:52:38","slug":"kobane-destana-berxwedane-qerina-bextewariye-strana-serkeftina-sterka-sor","status":"publish","type":"post","link":"https:\/\/shiler.info\/ku\/?p=1777","title":{"rendered":"Koban\u00ea! Destana berxwedan\u00ea, q\u00ear\u00eena bextewariy\u00ea, strana serkeftina st\u00earka sor."},"content":{"rendered":"\n<p>Koban\u00ea!<br>Destana berxwedan\u00ea, q\u00ear\u00eena bextewariy\u00ea, strana serkeftina st\u00earka sor.<br>Rojniv\u00eeska Berxwedana Koban\u00ea.<br>Niv\u00eeskar Sefqan Koban\u00ea<br>Berhemeke n\u00fb ji #we\u015fanxaneya_\u015fil\u00ear derket<br>Li #pirt\u00fbkxaneya_Amara<\/p>\n\n\n\n<h1 class=\"wp-block-heading\">Bex\u00e7ey\u00ea_xwendin\u00ea<\/h1>\n\n\n\n<p>Peyda dibe<\/p>\n\n\n\n<figure class=\"wp-block-gallery has-nested-images columns-default is-cropped\">\n<figure class=\"wp-block-image size-large\"><img loading=\"lazy\" decoding=\"async\" width=\"960\" height=\"640\" data-id=\"1778\" src=\"https:\/\/shiler.info\/ku\/wp-content\/uploads\/2022\/04\/Kobane-Destana-berxwedane-qerina-bextewariye-strana-serkeftina-sterka-sor..jpg\" alt=\"\" class=\"wp-image-1778\" srcset=\"https:\/\/shiler.info\/ku\/wp-content\/uploads\/2022\/04\/Kobane-Destana-berxwedane-qerina-bextewariye-strana-serkeftina-sterka-sor..jpg 960w, https:\/\/shiler.info\/ku\/wp-content\/uploads\/2022\/04\/Kobane-Destana-berxwedane-qerina-bextewariye-strana-serkeftina-sterka-sor.-300x200.jpg 300w, https:\/\/shiler.info\/ku\/wp-content\/uploads\/2022\/04\/Kobane-Destana-berxwedane-qerina-bextewariye-strana-serkeftina-sterka-sor.-768x512.jpg 768w\" sizes=\"auto, (max-width: 960px) 100vw, 960px\" \/><\/figure>\n<\/figure>\n","protected":false},"excerpt":{"rendered":"<p>Koban\u00ea!Destana berxwedan\u00ea, q\u00ear\u00eena bextewariy\u00ea, strana serkeftina st\u00earka sor.Rojniv\u00eeska Berxwedana Koban\u00ea.Niv\u00eeskar Sefqan Koban\u00eaBerhemeke n\u00fb ji #we\u015fanxaneya_\u015fil\u00ear derketLi #pirt\u00fbkxaneya_Amara Bex\u00e7ey\u00ea_xwendin\u00ea Peyda dibe<\/p>\n","protected":false},"author":1,"featured_media":1778,"comment_status":"open","ping_status":"open","sticky":false,"template":"","format":"standard","meta":{"footnotes":""},"categories":[124,120],"tags":[],"class_list":["post-1777","post","type-post","status-publish","format-standard","has-post-thumbnail","hentry","category-activeties","category-pirtuk"],"_links":{"self":[{"href":"https:\/\/shiler.info\/ku\/index.php?rest_route=\/wp\/v2\/posts\/1777","targetHints":{"allow":["GET"]}}],"collection":[{"href":"https:\/\/shiler.info\/ku\/index.php?rest_route=\/wp\/v2\/posts"}],"about":[{"href":"https:\/\/shiler.info\/ku\/index.php?rest_route=\/wp\/v2\/types\/post"}],"author":[{"embeddable":true,"href":"https:\/\/shiler.info\/ku\/index.php?rest_route=\/wp\/v2\/users\/1"}],"replies":[{"embeddable":true,"href":"https:\/\/shiler.info\/ku\/index.php?rest_route=%2Fwp%2Fv2%2Fcomments&post=1777"}],"version-history":[{"count":1,"href":"https:\/\/shiler.info\/ku\/index.php?rest_route=\/wp\/v2\/posts\/1777\/revisions"}],"predecessor-version":[{"id":1779,"href":"https:\/\/shiler.info\/ku\/index.php?rest_route=\/wp\/v2\/posts\/1777\/revisions\/1779"}],"wp:featuredmedia":[{"embeddable":true,"href":"https:\/\/shiler.info\/ku\/index.php?rest_route=\/wp\/v2\/media\/1778"}],"wp:attachment":[{"href":"https:\/\/shiler.info\/ku\/index.php?rest_route=%2Fwp%2Fv2%2Fmedia&parent=1777"}],"wp:term":[{"taxonomy":"category","embeddable":true,"href":"https:\/\/shiler.info\/ku\/index.php?rest_route=%2Fwp%2Fv2%2Fcategories&post=1777"},{"taxonomy":"post_tag","embeddable":true,"href":"https:\/\/shiler.info\/ku\/index.php?rest_route=%2Fwp%2Fv2%2Ftags&post=1777"}],"curies":[{"name":"wp","href":"https:\/\/api.w.org\/{rel}","templated":true}]}}