{"id":1762,"date":"2022-03-30T09:38:00","date_gmt":"2022-03-30T09:38:00","guid":{"rendered":"https:\/\/shiler.info\/ku\/?p=1762"},"modified":"2022-04-26T09:40:25","modified_gmt":"2022-04-26T09:40:25","slug":"ataturk-di-xeyalen-naziyan-da","status":"publish","type":"post","link":"https:\/\/shiler.info\/ku\/?p=1762","title":{"rendered":"Ataturk di xeyal\u00ean naziyan da"},"content":{"rendered":"\n<p>Ataturk di xeyal\u00ean naziyan daL\u00eakol\u00eenNiv\u00eeskar Stefan IhrigJi ziman\u00ea Ingil\u00eez\u00ee Ed\u00eeb XalidJi we\u015fan\u00ean \u015eil\u00ear \u00fb Neq\u015f\u00ea di demeka n\u00eaz da li ber dest\u00ean we ne<\/p>\n\n\n\n<figure class=\"wp-block-gallery has-nested-images columns-1 is-cropped\">\n<figure class=\"wp-block-image size-large\"><img loading=\"lazy\" decoding=\"async\" width=\"960\" height=\"640\" data-id=\"1764\" src=\"https:\/\/shiler.info\/ku\/wp-content\/uploads\/2022\/04\/Ataturk-di-xeyalen-naziyan-da1.jpg\" alt=\"\" class=\"wp-image-1764\" srcset=\"https:\/\/shiler.info\/ku\/wp-content\/uploads\/2022\/04\/Ataturk-di-xeyalen-naziyan-da1.jpg 960w, https:\/\/shiler.info\/ku\/wp-content\/uploads\/2022\/04\/Ataturk-di-xeyalen-naziyan-da1-300x200.jpg 300w, https:\/\/shiler.info\/ku\/wp-content\/uploads\/2022\/04\/Ataturk-di-xeyalen-naziyan-da1-768x512.jpg 768w\" sizes=\"auto, (max-width: 960px) 100vw, 960px\" \/><\/figure>\n\n\n\n<figure class=\"wp-block-image size-large\"><img loading=\"lazy\" decoding=\"async\" width=\"616\" height=\"960\" data-id=\"1763\" src=\"https:\/\/shiler.info\/ku\/wp-content\/uploads\/2022\/04\/Ataturk-di-xeyalen-naziyan-da2.jpg\" alt=\"\" class=\"wp-image-1763\" srcset=\"https:\/\/shiler.info\/ku\/wp-content\/uploads\/2022\/04\/Ataturk-di-xeyalen-naziyan-da2.jpg 616w, https:\/\/shiler.info\/ku\/wp-content\/uploads\/2022\/04\/Ataturk-di-xeyalen-naziyan-da2-193x300.jpg 193w\" sizes=\"auto, (max-width: 616px) 100vw, 616px\" \/><\/figure>\n<\/figure>\n","protected":false},"excerpt":{"rendered":"<p>Ataturk di xeyal\u00ean naziyan daL\u00eakol\u00eenNiv\u00eeskar Stefan IhrigJi ziman\u00ea Ingil\u00eez\u00ee Ed\u00eeb XalidJi we\u015fan\u00ean \u015eil\u00ear \u00fb Neq\u015f\u00ea di demeka n\u00eaz da li ber dest\u00ean we ne<\/p>\n","protected":false},"author":1,"featured_media":1764,"comment_status":"open","ping_status":"open","sticky":false,"template":"","format":"standard","meta":{"footnotes":""},"categories":[124,120],"tags":[],"class_list":["post-1762","post","type-post","status-publish","format-standard","has-post-thumbnail","hentry","category-activeties","category-pirtuk"],"_links":{"self":[{"href":"https:\/\/shiler.info\/ku\/index.php?rest_route=\/wp\/v2\/posts\/1762","targetHints":{"allow":["GET"]}}],"collection":[{"href":"https:\/\/shiler.info\/ku\/index.php?rest_route=\/wp\/v2\/posts"}],"about":[{"href":"https:\/\/shiler.info\/ku\/index.php?rest_route=\/wp\/v2\/types\/post"}],"author":[{"embeddable":true,"href":"https:\/\/shiler.info\/ku\/index.php?rest_route=\/wp\/v2\/users\/1"}],"replies":[{"embeddable":true,"href":"https:\/\/shiler.info\/ku\/index.php?rest_route=%2Fwp%2Fv2%2Fcomments&post=1762"}],"version-history":[{"count":1,"href":"https:\/\/shiler.info\/ku\/index.php?rest_route=\/wp\/v2\/posts\/1762\/revisions"}],"predecessor-version":[{"id":1765,"href":"https:\/\/shiler.info\/ku\/index.php?rest_route=\/wp\/v2\/posts\/1762\/revisions\/1765"}],"wp:featuredmedia":[{"embeddable":true,"href":"https:\/\/shiler.info\/ku\/index.php?rest_route=\/wp\/v2\/media\/1764"}],"wp:attachment":[{"href":"https:\/\/shiler.info\/ku\/index.php?rest_route=%2Fwp%2Fv2%2Fmedia&parent=1762"}],"wp:term":[{"taxonomy":"category","embeddable":true,"href":"https:\/\/shiler.info\/ku\/index.php?rest_route=%2Fwp%2Fv2%2Fcategories&post=1762"},{"taxonomy":"post_tag","embeddable":true,"href":"https:\/\/shiler.info\/ku\/index.php?rest_route=%2Fwp%2Fv2%2Ftags&post=1762"}],"curies":[{"name":"wp","href":"https:\/\/api.w.org\/{rel}","templated":true}]}}