{"id":1754,"date":"2022-03-30T08:00:00","date_gmt":"2022-03-30T08:00:00","guid":{"rendered":"https:\/\/shiler.info\/ku\/?p=1754"},"modified":"2022-04-26T08:09:01","modified_gmt":"2022-04-26T08:09:01","slug":"reyeka-nepesbinkiriniviskar-meredith-tax-diroka-tevlihev-u-eceb-a-siyaseta-kurdi-bas-derdixe-hole","status":"publish","type":"post","link":"https:\/\/shiler.info\/ku\/?p=1754","title":{"rendered":"R\u00eayeka nep\u00ea\u015fb\u00eenkir\u00eeNiv\u00eeskar Meredith Tax d\u00eeroka tevlihev \u00fb ec\u00eab a siyaseta kurd\u00ee ba\u015f derdixe hol\u00ea"},"content":{"rendered":"\n<p>R\u00eayeka nep\u00ea\u015fb\u00eenkir\u00eeNiv\u00eeskar Meredith Tax d\u00eeroka tevlihev \u00fb ec\u00eab a siyaseta kurd\u00ee ba\u015f derdixe hol\u00ea,<\/p>\n\n\n\n<p> ji \u015fer\u00ea malbat\u00ee bigire heya bi teror\u00eezim, demokrasiya red\u00eekal \u00fb fem\u00een\u00eezm\u00ea \u00fb kariye hefseng\u00eey\u00ea bixe navbera ecibandin n\u00eegeran\u00eeya xwe.Ji ziman\u00ea Ingil\u00eez\u00ee Zozan BirkoJi we\u015fan\u00ean \u015eil\u00ear\u00ea Di demeka p\u00ea\u015f da li ber dest\u00ea we ye<\/p>\n\n\n\n<figure class=\"wp-block-gallery has-nested-images columns-1 is-cropped\">\n<figure class=\"wp-block-image size-large\"><img loading=\"lazy\" decoding=\"async\" width=\"687\" height=\"1024\" data-id=\"1755\" src=\"https:\/\/shiler.info\/ku\/wp-content\/uploads\/2022\/04\/Reyeka-nepesbinkiriNiviskar-Meredith-Tax-diroka-tevlihev-u-eceb-a-siyaseta-kurdi-bas-derdixe-hole1-687x1024.jpg\" alt=\"\" class=\"wp-image-1755\" srcset=\"https:\/\/shiler.info\/ku\/wp-content\/uploads\/2022\/04\/Reyeka-nepesbinkiriNiviskar-Meredith-Tax-diroka-tevlihev-u-eceb-a-siyaseta-kurdi-bas-derdixe-hole1-687x1024.jpg 687w, https:\/\/shiler.info\/ku\/wp-content\/uploads\/2022\/04\/Reyeka-nepesbinkiriNiviskar-Meredith-Tax-diroka-tevlihev-u-eceb-a-siyaseta-kurdi-bas-derdixe-hole1-201x300.jpg 201w, https:\/\/shiler.info\/ku\/wp-content\/uploads\/2022\/04\/Reyeka-nepesbinkiriNiviskar-Meredith-Tax-diroka-tevlihev-u-eceb-a-siyaseta-kurdi-bas-derdixe-hole1.jpg 725w\" sizes=\"auto, (max-width: 687px) 100vw, 687px\" \/><\/figure>\n\n\n\n<figure class=\"wp-block-image size-large\"><img loading=\"lazy\" decoding=\"async\" width=\"1024\" height=\"683\" data-id=\"1756\" src=\"https:\/\/shiler.info\/ku\/wp-content\/uploads\/2022\/04\/Reyeka-nepesbinkiriNiviskar-Meredith-Tax-diroka-tevlihev-u-eceb-a-siyaseta-kurdi-bas-derdixe-hole2-1024x683.jpg\" alt=\"\" class=\"wp-image-1756\" srcset=\"https:\/\/shiler.info\/ku\/wp-content\/uploads\/2022\/04\/Reyeka-nepesbinkiriNiviskar-Meredith-Tax-diroka-tevlihev-u-eceb-a-siyaseta-kurdi-bas-derdixe-hole2-1024x683.jpg 1024w, https:\/\/shiler.info\/ku\/wp-content\/uploads\/2022\/04\/Reyeka-nepesbinkiriNiviskar-Meredith-Tax-diroka-tevlihev-u-eceb-a-siyaseta-kurdi-bas-derdixe-hole2-300x200.jpg 300w, https:\/\/shiler.info\/ku\/wp-content\/uploads\/2022\/04\/Reyeka-nepesbinkiriNiviskar-Meredith-Tax-diroka-tevlihev-u-eceb-a-siyaseta-kurdi-bas-derdixe-hole2-768x512.jpg 768w, https:\/\/shiler.info\/ku\/wp-content\/uploads\/2022\/04\/Reyeka-nepesbinkiriNiviskar-Meredith-Tax-diroka-tevlihev-u-eceb-a-siyaseta-kurdi-bas-derdixe-hole2.jpg 1080w\" sizes=\"auto, (max-width: 1024px) 100vw, 1024px\" \/><\/figure>\n<\/figure>\n","protected":false},"excerpt":{"rendered":"<p>R\u00eayeka nep\u00ea\u015fb\u00eenkir\u00eeNiv\u00eeskar Meredith Tax d\u00eeroka tevlihev \u00fb ec\u00eab a siyaseta kurd\u00ee ba\u015f derdixe hol\u00ea, ji \u015fer\u00ea malbat\u00ee bigire heya bi teror\u00eezim, demokrasiya red\u00eekal \u00fb fem\u00een\u00eezm\u00ea \u00fb kariye hefseng\u00eey\u00ea bixe navbera ecibandin n\u00eegeran\u00eeya xwe.Ji ziman\u00ea Ingil\u00eez\u00ee Zozan BirkoJi we\u015fan\u00ean \u015eil\u00ear\u00ea Di demeka p\u00ea\u015f da li ber dest\u00ea we ye<\/p>\n","protected":false},"author":1,"featured_media":1756,"comment_status":"open","ping_status":"open","sticky":false,"template":"","format":"standard","meta":{"footnotes":""},"categories":[124,120],"tags":[],"class_list":["post-1754","post","type-post","status-publish","format-standard","has-post-thumbnail","hentry","category-activeties","category-pirtuk"],"_links":{"self":[{"href":"https:\/\/shiler.info\/ku\/index.php?rest_route=\/wp\/v2\/posts\/1754","targetHints":{"allow":["GET"]}}],"collection":[{"href":"https:\/\/shiler.info\/ku\/index.php?rest_route=\/wp\/v2\/posts"}],"about":[{"href":"https:\/\/shiler.info\/ku\/index.php?rest_route=\/wp\/v2\/types\/post"}],"author":[{"embeddable":true,"href":"https:\/\/shiler.info\/ku\/index.php?rest_route=\/wp\/v2\/users\/1"}],"replies":[{"embeddable":true,"href":"https:\/\/shiler.info\/ku\/index.php?rest_route=%2Fwp%2Fv2%2Fcomments&post=1754"}],"version-history":[{"count":1,"href":"https:\/\/shiler.info\/ku\/index.php?rest_route=\/wp\/v2\/posts\/1754\/revisions"}],"predecessor-version":[{"id":1757,"href":"https:\/\/shiler.info\/ku\/index.php?rest_route=\/wp\/v2\/posts\/1754\/revisions\/1757"}],"wp:featuredmedia":[{"embeddable":true,"href":"https:\/\/shiler.info\/ku\/index.php?rest_route=\/wp\/v2\/media\/1756"}],"wp:attachment":[{"href":"https:\/\/shiler.info\/ku\/index.php?rest_route=%2Fwp%2Fv2%2Fmedia&parent=1754"}],"wp:term":[{"taxonomy":"category","embeddable":true,"href":"https:\/\/shiler.info\/ku\/index.php?rest_route=%2Fwp%2Fv2%2Fcategories&post=1754"},{"taxonomy":"post_tag","embeddable":true,"href":"https:\/\/shiler.info\/ku\/index.php?rest_route=%2Fwp%2Fv2%2Ftags&post=1754"}],"curies":[{"name":"wp","href":"https:\/\/api.w.org\/{rel}","templated":true}]}}