{"id":1648,"date":"2021-01-17T23:16:00","date_gmt":"2021-01-17T23:16:00","guid":{"rendered":"https:\/\/shiler.info\/ku\/?p=1648"},"modified":"2022-01-16T23:20:28","modified_gmt":"2022-01-16T23:20:28","slug":"iro-du-pirtuk-ji-aliye-komita-weje-li-bexceye-xwendine-li-qamislo","status":"publish","type":"post","link":"https:\/\/shiler.info\/ku\/?p=1648","title":{"rendered":"\u00cero du pirt\u00fbk ji aliy\u00ea Kom\u00eeta W\u00eaje li Bex\u00e7ey\u00ea Xwendin\u00ea li Qami\u015flo"},"content":{"rendered":"\n<p>\u00cero du pirt\u00fbk ji aliy\u00ea Kom\u00eeta W\u00eaje ve ,li Bex\u00e7ey\u00ea Xwendin\u00ea li Qami\u015flo, bi be\u015fdariya gelek rew\u015fenb\u00eer \u00fb saz\u00ee hatin hemzekirin.<br>Herdu pirt\u00fbk ev b\u00fbn:<br>1- \u0643\u062a\u0628\u062a \u0644\u0644\u0623\u0646\u0646\u064a \u0623\u062d\u0628\u0643 a bi ziman\u00ea Ereb\u00ee b\u00fb, ya helbestvan M.Anah\u00eeta S\u00ecno .<br>2- Berberoj a helbestvanM. Nar\u00eeman Evdik\u00ea .<br>H\u00eajay\u00ee gotin\u00ea ye ku dahata van pirt\u00fbkan ,di v\u00ea \u00e7alakiy\u00ea de ji bo zarok\u00ean Ser\u00ea kaniy\u00ea, y\u00ean di kongiha Wa\u015fokan\u00ee de ye.<br>Ji we\u015fan\u00ean \u015eil\u00ear<\/p>\n\n\n\n<figure class=\"wp-block-gallery columns-1 is-cropped\"><ul class=\"blocks-gallery-grid\"><li class=\"blocks-gallery-item\"><figure><img loading=\"lazy\" decoding=\"async\" width=\"960\" height=\"720\" src=\"https:\/\/shiler.info\/ku\/wp-content\/uploads\/2022\/01\/Iro-Du-Pirtuk-Ji-Aliye-Komita-Weje-Li-Bexceye-Xwendine-Li-Qamislo-1.jpg\" alt=\"\" data-id=\"1649\" data-full-url=\"https:\/\/shiler.info\/ku\/wp-content\/uploads\/2022\/01\/Iro-Du-Pirtuk-Ji-Aliye-Komita-Weje-Li-Bexceye-Xwendine-Li-Qamislo-1.jpg\" data-link=\"https:\/\/shiler.info\/ku\/?attachment_id=1649\" class=\"wp-image-1649\" srcset=\"https:\/\/shiler.info\/ku\/wp-content\/uploads\/2022\/01\/Iro-Du-Pirtuk-Ji-Aliye-Komita-Weje-Li-Bexceye-Xwendine-Li-Qamislo-1.jpg 960w, https:\/\/shiler.info\/ku\/wp-content\/uploads\/2022\/01\/Iro-Du-Pirtuk-Ji-Aliye-Komita-Weje-Li-Bexceye-Xwendine-Li-Qamislo-1-300x225.jpg 300w, https:\/\/shiler.info\/ku\/wp-content\/uploads\/2022\/01\/Iro-Du-Pirtuk-Ji-Aliye-Komita-Weje-Li-Bexceye-Xwendine-Li-Qamislo-1-768x576.jpg 768w, https:\/\/shiler.info\/ku\/wp-content\/uploads\/2022\/01\/Iro-Du-Pirtuk-Ji-Aliye-Komita-Weje-Li-Bexceye-Xwendine-Li-Qamislo-1-86x64.jpg 86w\" sizes=\"auto, (max-width: 960px) 100vw, 960px\" \/><\/figure><\/li><li class=\"blocks-gallery-item\"><figure><img loading=\"lazy\" decoding=\"async\" width=\"960\" height=\"639\" src=\"https:\/\/shiler.info\/ku\/wp-content\/uploads\/2022\/01\/Iro-Du-Pirtuk-Ji-Aliye-Komita-Weje-Li-Bexceye-Xwendine-Li-Qamislo-2.jpg\" alt=\"\" data-id=\"1650\" data-full-url=\"https:\/\/shiler.info\/ku\/wp-content\/uploads\/2022\/01\/Iro-Du-Pirtuk-Ji-Aliye-Komita-Weje-Li-Bexceye-Xwendine-Li-Qamislo-2.jpg\" data-link=\"https:\/\/shiler.info\/ku\/?attachment_id=1650\" class=\"wp-image-1650\" srcset=\"https:\/\/shiler.info\/ku\/wp-content\/uploads\/2022\/01\/Iro-Du-Pirtuk-Ji-Aliye-Komita-Weje-Li-Bexceye-Xwendine-Li-Qamislo-2.jpg 960w, https:\/\/shiler.info\/ku\/wp-content\/uploads\/2022\/01\/Iro-Du-Pirtuk-Ji-Aliye-Komita-Weje-Li-Bexceye-Xwendine-Li-Qamislo-2-300x200.jpg 300w, https:\/\/shiler.info\/ku\/wp-content\/uploads\/2022\/01\/Iro-Du-Pirtuk-Ji-Aliye-Komita-Weje-Li-Bexceye-Xwendine-Li-Qamislo-2-768x511.jpg 768w\" sizes=\"auto, (max-width: 960px) 100vw, 960px\" \/><\/figure><\/li><li class=\"blocks-gallery-item\"><figure><img loading=\"lazy\" decoding=\"async\" width=\"960\" height=\"720\" src=\"https:\/\/shiler.info\/ku\/wp-content\/uploads\/2022\/01\/Iro-Du-Pirtuk-Ji-Aliye-Komita-Weje-Li-Bexceye-Xwendine-Li-Qamislo-3.jpg\" alt=\"\" data-id=\"1651\" data-full-url=\"https:\/\/shiler.info\/ku\/wp-content\/uploads\/2022\/01\/Iro-Du-Pirtuk-Ji-Aliye-Komita-Weje-Li-Bexceye-Xwendine-Li-Qamislo-3.jpg\" data-link=\"https:\/\/shiler.info\/ku\/?attachment_id=1651\" class=\"wp-image-1651\" srcset=\"https:\/\/shiler.info\/ku\/wp-content\/uploads\/2022\/01\/Iro-Du-Pirtuk-Ji-Aliye-Komita-Weje-Li-Bexceye-Xwendine-Li-Qamislo-3.jpg 960w, https:\/\/shiler.info\/ku\/wp-content\/uploads\/2022\/01\/Iro-Du-Pirtuk-Ji-Aliye-Komita-Weje-Li-Bexceye-Xwendine-Li-Qamislo-3-300x225.jpg 300w, https:\/\/shiler.info\/ku\/wp-content\/uploads\/2022\/01\/Iro-Du-Pirtuk-Ji-Aliye-Komita-Weje-Li-Bexceye-Xwendine-Li-Qamislo-3-768x576.jpg 768w, https:\/\/shiler.info\/ku\/wp-content\/uploads\/2022\/01\/Iro-Du-Pirtuk-Ji-Aliye-Komita-Weje-Li-Bexceye-Xwendine-Li-Qamislo-3-86x64.jpg 86w\" sizes=\"auto, (max-width: 960px) 100vw, 960px\" \/><\/figure><\/li><li class=\"blocks-gallery-item\"><figure><img loading=\"lazy\" decoding=\"async\" width=\"720\" height=\"960\" src=\"https:\/\/shiler.info\/ku\/wp-content\/uploads\/2022\/01\/Iro-Du-Pirtuk-Ji-Aliye-Komita-Weje-Li-Bexceye-Xwendine-Li-Qamislo-4.jpg\" alt=\"\" data-id=\"1652\" data-full-url=\"https:\/\/shiler.info\/ku\/wp-content\/uploads\/2022\/01\/Iro-Du-Pirtuk-Ji-Aliye-Komita-Weje-Li-Bexceye-Xwendine-Li-Qamislo-4.jpg\" data-link=\"https:\/\/shiler.info\/ku\/?attachment_id=1652\" class=\"wp-image-1652\" srcset=\"https:\/\/shiler.info\/ku\/wp-content\/uploads\/2022\/01\/Iro-Du-Pirtuk-Ji-Aliye-Komita-Weje-Li-Bexceye-Xwendine-Li-Qamislo-4.jpg 720w, https:\/\/shiler.info\/ku\/wp-content\/uploads\/2022\/01\/Iro-Du-Pirtuk-Ji-Aliye-Komita-Weje-Li-Bexceye-Xwendine-Li-Qamislo-4-225x300.jpg 225w\" sizes=\"auto, (max-width: 720px) 100vw, 720px\" \/><\/figure><\/li><li class=\"blocks-gallery-item\"><figure><img loading=\"lazy\" decoding=\"async\" width=\"960\" height=\"720\" src=\"https:\/\/shiler.info\/ku\/wp-content\/uploads\/2022\/01\/Iro-Du-Pirtuk-Ji-Aliye-Komita-Weje-Li-Bexceye-Xwendine-Li-Qamislo-5.jpg\" alt=\"\" data-id=\"1653\" data-full-url=\"https:\/\/shiler.info\/ku\/wp-content\/uploads\/2022\/01\/Iro-Du-Pirtuk-Ji-Aliye-Komita-Weje-Li-Bexceye-Xwendine-Li-Qamislo-5.jpg\" data-link=\"https:\/\/shiler.info\/ku\/?attachment_id=1653\" class=\"wp-image-1653\" srcset=\"https:\/\/shiler.info\/ku\/wp-content\/uploads\/2022\/01\/Iro-Du-Pirtuk-Ji-Aliye-Komita-Weje-Li-Bexceye-Xwendine-Li-Qamislo-5.jpg 960w, https:\/\/shiler.info\/ku\/wp-content\/uploads\/2022\/01\/Iro-Du-Pirtuk-Ji-Aliye-Komita-Weje-Li-Bexceye-Xwendine-Li-Qamislo-5-300x225.jpg 300w, https:\/\/shiler.info\/ku\/wp-content\/uploads\/2022\/01\/Iro-Du-Pirtuk-Ji-Aliye-Komita-Weje-Li-Bexceye-Xwendine-Li-Qamislo-5-768x576.jpg 768w, https:\/\/shiler.info\/ku\/wp-content\/uploads\/2022\/01\/Iro-Du-Pirtuk-Ji-Aliye-Komita-Weje-Li-Bexceye-Xwendine-Li-Qamislo-5-86x64.jpg 86w\" sizes=\"auto, (max-width: 960px) 100vw, 960px\" \/><\/figure><\/li><li class=\"blocks-gallery-item\"><figure><img loading=\"lazy\" decoding=\"async\" width=\"960\" height=\"720\" src=\"https:\/\/shiler.info\/ku\/wp-content\/uploads\/2022\/01\/Iro-Du-Pirtuk-Ji-Aliye-Komita-Weje-Li-Bexceye-Xwendine-Li-Qamislo-6.jpg\" alt=\"\" data-id=\"1654\" data-full-url=\"https:\/\/shiler.info\/ku\/wp-content\/uploads\/2022\/01\/Iro-Du-Pirtuk-Ji-Aliye-Komita-Weje-Li-Bexceye-Xwendine-Li-Qamislo-6.jpg\" data-link=\"https:\/\/shiler.info\/ku\/?attachment_id=1654\" class=\"wp-image-1654\" srcset=\"https:\/\/shiler.info\/ku\/wp-content\/uploads\/2022\/01\/Iro-Du-Pirtuk-Ji-Aliye-Komita-Weje-Li-Bexceye-Xwendine-Li-Qamislo-6.jpg 960w, https:\/\/shiler.info\/ku\/wp-content\/uploads\/2022\/01\/Iro-Du-Pirtuk-Ji-Aliye-Komita-Weje-Li-Bexceye-Xwendine-Li-Qamislo-6-300x225.jpg 300w, https:\/\/shiler.info\/ku\/wp-content\/uploads\/2022\/01\/Iro-Du-Pirtuk-Ji-Aliye-Komita-Weje-Li-Bexceye-Xwendine-Li-Qamislo-6-768x576.jpg 768w, https:\/\/shiler.info\/ku\/wp-content\/uploads\/2022\/01\/Iro-Du-Pirtuk-Ji-Aliye-Komita-Weje-Li-Bexceye-Xwendine-Li-Qamislo-6-86x64.jpg 86w\" sizes=\"auto, (max-width: 960px) 100vw, 960px\" \/><\/figure><\/li><\/ul><\/figure>\n","protected":false},"excerpt":{"rendered":"<p>\u00cero du pirt\u00fbk ji aliy\u00ea Kom\u00eeta W\u00eaje ve ,li Bex\u00e7ey\u00ea Xwendin\u00ea li Qami\u015flo, bi be\u015fdariya gelek rew\u015fenb\u00eer \u00fb saz\u00ee hatin hemzekirin.Herdu pirt\u00fbk ev b\u00fbn:1- \u0643\u062a\u0628\u062a \u0644\u0644\u0623\u0646\u0646\u064a \u0623\u062d\u0628\u0643 a bi ziman\u00ea Ereb\u00ee b\u00fb, ya helbestvan M.Anah\u00eeta S\u00ecno .2- Berberoj a helbestvanM. Nar\u00eeman Evdik\u00ea .H\u00eajay\u00ee gotin\u00ea ye ku dahata van pirt\u00fbkan ,di v\u00ea \u00e7alakiy\u00ea de ji bo [&hellip;]<\/p>\n","protected":false},"author":1,"featured_media":1649,"comment_status":"open","ping_status":"open","sticky":false,"template":"","format":"standard","meta":{"footnotes":""},"categories":[124],"tags":[],"class_list":["post-1648","post","type-post","status-publish","format-standard","has-post-thumbnail","hentry","category-activeties"],"_links":{"self":[{"href":"https:\/\/shiler.info\/ku\/index.php?rest_route=\/wp\/v2\/posts\/1648","targetHints":{"allow":["GET"]}}],"collection":[{"href":"https:\/\/shiler.info\/ku\/index.php?rest_route=\/wp\/v2\/posts"}],"about":[{"href":"https:\/\/shiler.info\/ku\/index.php?rest_route=\/wp\/v2\/types\/post"}],"author":[{"embeddable":true,"href":"https:\/\/shiler.info\/ku\/index.php?rest_route=\/wp\/v2\/users\/1"}],"replies":[{"embeddable":true,"href":"https:\/\/shiler.info\/ku\/index.php?rest_route=%2Fwp%2Fv2%2Fcomments&post=1648"}],"version-history":[{"count":1,"href":"https:\/\/shiler.info\/ku\/index.php?rest_route=\/wp\/v2\/posts\/1648\/revisions"}],"predecessor-version":[{"id":1655,"href":"https:\/\/shiler.info\/ku\/index.php?rest_route=\/wp\/v2\/posts\/1648\/revisions\/1655"}],"wp:featuredmedia":[{"embeddable":true,"href":"https:\/\/shiler.info\/ku\/index.php?rest_route=\/wp\/v2\/media\/1649"}],"wp:attachment":[{"href":"https:\/\/shiler.info\/ku\/index.php?rest_route=%2Fwp%2Fv2%2Fmedia&parent=1648"}],"wp:term":[{"taxonomy":"category","embeddable":true,"href":"https:\/\/shiler.info\/ku\/index.php?rest_route=%2Fwp%2Fv2%2Fcategories&post=1648"},{"taxonomy":"post_tag","embeddable":true,"href":"https:\/\/shiler.info\/ku\/index.php?rest_route=%2Fwp%2Fv2%2Ftags&post=1648"}],"curies":[{"name":"wp","href":"https:\/\/api.w.org\/{rel}","templated":true}]}}